{"id":1542,"date":"2019-12-10T15:23:29","date_gmt":"2019-12-10T14:23:29","guid":{"rendered":"https:\/\/archimedes-gs.de\/?p=1542"},"modified":"2019-12-10T15:23:29","modified_gmt":"2019-12-10T14:23:29","slug":"archimedes-schule-und-kita-mit-internationaler-unterstuetzung","status":"publish","type":"post","link":"https:\/\/archimedes-gs.de\/?p=1542","title":{"rendered":"Archimedes Schule und Kita mit internationaler Unterst\u00fctzung"},"content":{"rendered":"<p><a href=\"https:\/\/i0.wp.com\/archimedes-lausitz.de\/wp-content\/uploads\/2019\/12\/bufdis3.png?ssl=1\"><img data-recalc-dims=\"1\" loading=\"lazy\" decoding=\"async\" class=\"aligncenter size-medium wp-image-1543\" src=\"https:\/\/i0.wp.com\/archimedes-lausitz.de\/wp-content\/uploads\/2019\/12\/bufdis3-248x300.png?resize=248%2C300&#038;ssl=1\" alt=\"\" width=\"248\" height=\"300\" srcset=\"https:\/\/i0.wp.com\/archimedes-gs.de\/wp-content\/uploads\/2019\/12\/bufdis3.png?resize=248%2C300&amp;ssl=1 248w, https:\/\/i0.wp.com\/archimedes-gs.de\/wp-content\/uploads\/2019\/12\/bufdis3.png?w=400&amp;ssl=1 400w\" sizes=\"auto, (max-width: 248px) 100vw, 248px\" \/><\/a>An dieser Stelle soll einmal ein Dankesch\u00f6n an unsere Helfer aus aller Welt erfolgen. Seit einigen Jahren sind wir Einsatzstelle f\u00fcr Bundesfreiwilligendienstleistende. Bei der Besetzung legen wir Wert auf eine internationale Ausrichtung um unseren Sch\u00fclern und Kitakindern interkulturelle Erfahrungen zu erm\u00f6glichen.&nbsp;<br \/>\nDie Freiwilligen sind bei uns im Hort und der Schule sowie in der Kita eingesetzt und unterst\u00fctzen, je nach Vorbildung, die Lehrer, Erzieher oder auch die K\u00fcche und den Hausmeister bei der t\u00e4glichen Arbeit.&nbsp;<br \/>\nIn diesem Schuljahr begr\u00fc\u00dfen wir Freiwillige aus Lilia aus Indonesien, Annakarina aus Venezuela, Andrei aus Russland und Ann Sophie aus Deutschland bei uns.&nbsp;<\/p>\n","protected":false},"excerpt":{"rendered":"<p>An dieser Stelle soll einmal ein Dankesch\u00f6n an unsere Helfer aus aller Welt erfolgen. Seit einigen Jahren sind wir Einsatzstelle f\u00fcr Bundesfreiwilligendienstleistende. Bei der Besetzung legen wir Wert auf eine internationale Ausrichtung um unseren Sch\u00fclern und Kitakindern interkulturelle Erfahrungen zu <span class=\"excerpt-dots\">&hellip;<\/span> <a class=\"more-link\" href=\"https:\/\/archimedes-gs.de\/?p=1542\"><span class=\"more-msg\">Weiterlesen &rarr;<\/span><\/a><\/p>\n","protected":false},"author":1,"featured_media":0,"comment_status":"open","ping_status":"open","sticky":false,"template":"","format":"standard","meta":{"jetpack_post_was_ever_published":false,"_jetpack_newsletter_access":"","_jetpack_dont_email_post_to_subs":false,"_jetpack_newsletter_tier_id":0,"_jetpack_memberships_contains_paywalled_content":false,"_jetpack_memberships_contains_paid_content":false,"footnotes":"","jetpack_publicize_message":"Archimedes Schule und Kita mit internationaler Unterst\u00fctzung","jetpack_publicize_feature_enabled":true,"jetpack_social_post_already_shared":true,"jetpack_social_options":{"image_generator_settings":{"template":"highway","default_image_id":0,"font":"","enabled":false},"version":2}},"categories":[7],"tags":[],"class_list":["post-1542","post","type-post","status-publish","format-standard","hentry","category-2019-20"],"jetpack_publicize_connections":[],"jetpack_featured_media_url":"","jetpack_shortlink":"https:\/\/wp.me\/p9XTHq-oS","jetpack_sharing_enabled":true,"_links":{"self":[{"href":"https:\/\/archimedes-gs.de\/index.php?rest_route=\/wp\/v2\/posts\/1542","targetHints":{"allow":["GET"]}}],"collection":[{"href":"https:\/\/archimedes-gs.de\/index.php?rest_route=\/wp\/v2\/posts"}],"about":[{"href":"https:\/\/archimedes-gs.de\/index.php?rest_route=\/wp\/v2\/types\/post"}],"author":[{"embeddable":true,"href":"https:\/\/archimedes-gs.de\/index.php?rest_route=\/wp\/v2\/users\/1"}],"replies":[{"embeddable":true,"href":"https:\/\/archimedes-gs.de\/index.php?rest_route=%2Fwp%2Fv2%2Fcomments&post=1542"}],"version-history":[{"count":1,"href":"https:\/\/archimedes-gs.de\/index.php?rest_route=\/wp\/v2\/posts\/1542\/revisions"}],"predecessor-version":[{"id":1544,"href":"https:\/\/archimedes-gs.de\/index.php?rest_route=\/wp\/v2\/posts\/1542\/revisions\/1544"}],"wp:attachment":[{"href":"https:\/\/archimedes-gs.de\/index.php?rest_route=%2Fwp%2Fv2%2Fmedia&parent=1542"}],"wp:term":[{"taxonomy":"category","embeddable":true,"href":"https:\/\/archimedes-gs.de\/index.php?rest_route=%2Fwp%2Fv2%2Fcategories&post=1542"},{"taxonomy":"post_tag","embeddable":true,"href":"https:\/\/archimedes-gs.de\/index.php?rest_route=%2Fwp%2Fv2%2Ftags&post=1542"}],"curies":[{"name":"wp","href":"https:\/\/api.w.org\/{rel}","templated":true}]}}