{"id":1644,"date":"2020-03-19T13:50:19","date_gmt":"2020-03-19T12:50:19","guid":{"rendered":"https:\/\/archimedes-gs.de\/?p=1644"},"modified":"2023-05-27T20:31:36","modified_gmt":"2023-05-27T18:31:36","slug":"online-beschulung-in-zeiten-von-corona","status":"publish","type":"post","link":"https:\/\/archimedes-gs.de\/?p=1644","title":{"rendered":"online-Beschulung in Zeiten von Corona 03\/2020"},"content":{"rendered":"<div class=\"wp-block-image\">\n<figure class=\"aligncenter\"><a href=\"https:\/\/i0.wp.com\/archimedes-lausitz.de\/wp-content\/uploads\/2020\/03\/Foto-19.03.20-11-02-45-klein.jpg?ssl=1\"><img data-recalc-dims=\"1\" loading=\"lazy\" decoding=\"async\" width=\"1024\" height=\"768\" src=\"https:\/\/i0.wp.com\/archimedes-lausitz.de\/wp-content\/uploads\/2020\/03\/Foto-19.03.20-11-02-45-klein-1024x768.jpg?resize=1024%2C768&#038;ssl=1\" alt=\"\" class=\"wp-image-1645\" srcset=\"https:\/\/i0.wp.com\/archimedes-gs.de\/wp-content\/uploads\/2020\/03\/Foto-19.03.20-11-02-45-klein.jpg?resize=1024%2C768&amp;ssl=1 1024w, https:\/\/i0.wp.com\/archimedes-gs.de\/wp-content\/uploads\/2020\/03\/Foto-19.03.20-11-02-45-klein.jpg?resize=300%2C225&amp;ssl=1 300w, https:\/\/i0.wp.com\/archimedes-gs.de\/wp-content\/uploads\/2020\/03\/Foto-19.03.20-11-02-45-klein.jpg?resize=768%2C576&amp;ssl=1 768w, https:\/\/i0.wp.com\/archimedes-gs.de\/wp-content\/uploads\/2020\/03\/Foto-19.03.20-11-02-45-klein.jpg?w=1200&amp;ssl=1 1200w\" sizes=\"auto, (max-width: 1024px) 100vw, 1024px\" \/><\/a><\/figure>\n<\/div>\n\n<div class=\"wp-block-image\">\n<figure class=\"aligncenter\"><a href=\"https:\/\/i0.wp.com\/archimedes-lausitz.de\/wp-content\/uploads\/2020\/03\/Foto-19.03.20-11-03-48-klein.jpg?ssl=1\"><img data-recalc-dims=\"1\" loading=\"lazy\" decoding=\"async\" width=\"1024\" height=\"768\" src=\"https:\/\/i0.wp.com\/archimedes-lausitz.de\/wp-content\/uploads\/2020\/03\/Foto-19.03.20-11-03-48-klein-1024x768.jpg?resize=1024%2C768&#038;ssl=1\" alt=\"\" class=\"wp-image-1646\" srcset=\"https:\/\/i0.wp.com\/archimedes-gs.de\/wp-content\/uploads\/2020\/03\/Foto-19.03.20-11-03-48-klein.jpg?resize=1024%2C768&amp;ssl=1 1024w, https:\/\/i0.wp.com\/archimedes-gs.de\/wp-content\/uploads\/2020\/03\/Foto-19.03.20-11-03-48-klein.jpg?resize=300%2C225&amp;ssl=1 300w, https:\/\/i0.wp.com\/archimedes-gs.de\/wp-content\/uploads\/2020\/03\/Foto-19.03.20-11-03-48-klein.jpg?resize=768%2C576&amp;ssl=1 768w, https:\/\/i0.wp.com\/archimedes-gs.de\/wp-content\/uploads\/2020\/03\/Foto-19.03.20-11-03-48-klein.jpg?w=1200&amp;ssl=1 1200w\" sizes=\"auto, (max-width: 1024px) 100vw, 1024px\" \/><\/a><\/figure>\n<\/div>\n\n\n<p>Jede Krise hat auch Chancen und M\u00f6glichkeiten, wir m\u00fcssen sie nur nutzen. Als Medien-Schule erproben wir gerade den Hausunterricht mittels Klassen-Video-Konferenzen, Online-Lernplattformen und Schul-Messenger.<\/p>\n\n\n\n<p>Mit bekannt werden der beabsichtigten Schulschlie\u00dfungen haben wir begonnen ein altersabh\u00e4ngiges Konzept zur weiteren Beschulung unter Einbezug digitaler Lernangebote und Konzepte zu erproben und umzusetzen.<\/p>\n<p>Es ist uns sehr wichtig, den direkten Kontakt zwischen Lehrern und Sch\u00fclern (Face to Face) zu erhalten.<\/p>\n<p>Dabei k\u00f6nnen wir auf die vorhandene Infrastruktur der Schule zur\u00fcckgreifen. Jedes Kind ab Jahrgang 3 hat ein eigens iPad, Sch\u00fcler und die Eltern sind \u00fcber den Messenger schul-cloud erreichbar und in Klassenchats organisiert.<\/p>\n<p>Bereits am Wochenende haben die Lehrkr\u00e4fte der 1\/2 klassische Materialien, bestehend aus Kopiervorlagen und individuellen Aufgaben aus den vorhandenen Lehrwerken zusammengestellt und den Sch\u00fclern am Dienstag mit nach Hause gegeben. Bearbeite Aufgaben k\u00f6nnen per schul.cloud an die Lehrkr\u00e4fte geschickt werden (Foto). Dann erfolgt Feedback und Hilfestellung durch die Lehrkr\u00e4fte.<\/p>\n<p>F\u00fcr die Jahrg\u00e4nge ab der Jahrgangsstufe 3 gehen wir einen <b>inovativeren, zeitgem\u00e4\u00dferen<\/b> Weg. Es ist uns wichtig den Sch\u00fclern Struktur und den direkten Kontakt (Face to Face) zu den Lehrk\u00e4ften zu erm\u00f6glichen. Es gibt einen Notstundenplan f\u00fcr die Sch\u00fclerinnen und Sch\u00fcler. In diesem Stundenplan sind Zeiten farblich markiert, zu denen <b>Videokonferenzen <\/b>mit der ganzen Klasse abgehalten werden.<\/p>\n<p>Hierzu erhalten die Sch\u00fcler \u00fcber schul.cloud kurz vor der Zeit einen Code, mit den sie sich online in die Videositzung einloggen k\u00f6nnen. So k\u00f6nnen die Lehrkr\u00e4fte direkt mit den Sch\u00fclern kommunizieren, Aufgaben erteilen und Fragen kl\u00e4ren.<\/p>\n<p>F\u00fcr \u00dcbungsaufgaben werden online Lernportale wie ANTON und SCOYO eingesetzt, bei denen den Sch\u00fclern Aufgaben zugewiesen werden k\u00f6nnen. Diese bearbeiten die Aufgaben eigenst\u00e4ndig zu Hause und erhalten sofort Feedback durch das Programm. Die Lehrkr\u00e4fte k\u00f6nnen einsehen, welches Kind welche Aufgaben wie erfolgreich gemeistert hat und dann individuell darauf reagieren.<\/p>\n<p>Als Pilotschule f\u00fcr die landeseigene HPI-Schul-Clud arbeiten wir mit hochdruck daran, diese ab Morgen produktiv zu nutzen. Jeder Sch\u00fcler hat seinen Zugang und kann dann in Kursen Materialien und Aufgaben einsehen und Arbeitsergebnisse zur Korrektur hochladen.<\/p>\n<p>Die letzten beiden Tage zeigen, dass die Sch\u00fcler auch ab Klasse 3 in der Lage sind, diese Systeme zu nutzen. Es ist uns sehr wichtig, nicht nur Aufgaben zur eigenst\u00e4ndigen Bearbeitung zur Verf\u00fcgung zu stellen, sondern den direkten Kontakt zu den Sch\u00fclern zu halten und Face to Face unterrichten zu k\u00f6nnen. Dabei lernen auch die Lehrkr\u00e4fte jeden Tag dazu. Die gr\u00f6\u00dfte Herausforderung ist es all die gleichzeitig auflaufenden technischen Problemchen zu kl\u00e4ren und zu l\u00f6sen. Inzwischen gibt es auch dazu eine Reihe bebilderter Anleitungen aus dem letzen zwei Tagen f\u00fcr die Hand der Sch\u00fcler und Lehrkr\u00e4fte.<\/p>\n<p>Sehr schnell haben die Sch\u00fcler herausgefunden, wie sie eigenst\u00e4ndig Videokonferenzen einberufen k\u00f6nnen, auch das ist ein Kompetenzzuwachs im Rahmen der Medienbildung.<\/p>\n<p>Jede Krise hat auch Chancen und M\u00f6glichkeiten, wir m\u00fcssen sie nur nutzen.<\/p>\n<p>Wie bedanken uns sehr f\u00fcr die Unterst\u00fctzung durch alle Eltern.\u00a0<\/p>\n","protected":false},"excerpt":{"rendered":" <a class=\"more-link\" href=\"https:\/\/archimedes-gs.de\/?p=1644\"><span class=\"more-msg\">Weiterlesen &rarr;<\/span><\/a>","protected":false},"author":1,"featured_media":0,"comment_status":"open","ping_status":"open","sticky":false,"template":"","format":"standard","meta":{"jetpack_post_was_ever_published":false,"_jetpack_newsletter_access":"","_jetpack_dont_email_post_to_subs":false,"_jetpack_newsletter_tier_id":0,"_jetpack_memberships_contains_paywalled_content":false,"_jetpack_memberships_contains_paid_content":false,"footnotes":"","jetpack_publicize_message":"","jetpack_publicize_feature_enabled":true,"jetpack_social_post_already_shared":true,"jetpack_social_options":{"image_generator_settings":{"template":"highway","default_image_id":0,"font":"","enabled":false},"version":2}},"categories":[7],"tags":[],"class_list":["post-1644","post","type-post","status-publish","format-standard","hentry","category-2019-20"],"jetpack_publicize_connections":[],"jetpack_featured_media_url":"","jetpack_shortlink":"https:\/\/wp.me\/p9XTHq-qw","jetpack_sharing_enabled":true,"_links":{"self":[{"href":"https:\/\/archimedes-gs.de\/index.php?rest_route=\/wp\/v2\/posts\/1644","targetHints":{"allow":["GET"]}}],"collection":[{"href":"https:\/\/archimedes-gs.de\/index.php?rest_route=\/wp\/v2\/posts"}],"about":[{"href":"https:\/\/archimedes-gs.de\/index.php?rest_route=\/wp\/v2\/types\/post"}],"author":[{"embeddable":true,"href":"https:\/\/archimedes-gs.de\/index.php?rest_route=\/wp\/v2\/users\/1"}],"replies":[{"embeddable":true,"href":"https:\/\/archimedes-gs.de\/index.php?rest_route=%2Fwp%2Fv2%2Fcomments&post=1644"}],"version-history":[{"count":3,"href":"https:\/\/archimedes-gs.de\/index.php?rest_route=\/wp\/v2\/posts\/1644\/revisions"}],"predecessor-version":[{"id":3370,"href":"https:\/\/archimedes-gs.de\/index.php?rest_route=\/wp\/v2\/posts\/1644\/revisions\/3370"}],"wp:attachment":[{"href":"https:\/\/archimedes-gs.de\/index.php?rest_route=%2Fwp%2Fv2%2Fmedia&parent=1644"}],"wp:term":[{"taxonomy":"category","embeddable":true,"href":"https:\/\/archimedes-gs.de\/index.php?rest_route=%2Fwp%2Fv2%2Fcategories&post=1644"},{"taxonomy":"post_tag","embeddable":true,"href":"https:\/\/archimedes-gs.de\/index.php?rest_route=%2Fwp%2Fv2%2Ftags&post=1644"}],"curies":[{"name":"wp","href":"https:\/\/api.w.org\/{rel}","templated":true}]}}