{"id":1701,"date":"2020-06-19T18:34:54","date_gmt":"2020-06-19T16:34:54","guid":{"rendered":"https:\/\/archimedes-gs.de\/?p=1701"},"modified":"2020-06-19T18:35:51","modified_gmt":"2020-06-19T16:35:51","slug":"wackeligen-quallen-kunst-klasse-1","status":"publish","type":"post","link":"https:\/\/archimedes-gs.de\/?p=1701","title":{"rendered":"Wackeligen Quallen &#8211; Kunst Klasse 1"},"content":{"rendered":"<p><a href=\"https:\/\/i0.wp.com\/archimedes-lausitz.de\/wp-content\/uploads\/2020\/06\/IMG_1890-2-scaled.jpg?ssl=1\"><img data-recalc-dims=\"1\" loading=\"lazy\" decoding=\"async\" class=\"aligncenter size-large wp-image-1703\" src=\"https:\/\/i0.wp.com\/archimedes-lausitz.de\/wp-content\/uploads\/2020\/06\/IMG_1890-2-1024x671.jpg?resize=1024%2C671&#038;ssl=1\" alt=\"\" width=\"1024\" height=\"671\" srcset=\"https:\/\/i0.wp.com\/archimedes-gs.de\/wp-content\/uploads\/2020\/06\/IMG_1890-2-scaled.jpg?resize=1024%2C671&amp;ssl=1 1024w, https:\/\/i0.wp.com\/archimedes-gs.de\/wp-content\/uploads\/2020\/06\/IMG_1890-2-scaled.jpg?resize=300%2C197&amp;ssl=1 300w, https:\/\/i0.wp.com\/archimedes-gs.de\/wp-content\/uploads\/2020\/06\/IMG_1890-2-scaled.jpg?resize=768%2C504&amp;ssl=1 768w, https:\/\/i0.wp.com\/archimedes-gs.de\/wp-content\/uploads\/2020\/06\/IMG_1890-2-scaled.jpg?resize=1536%2C1007&amp;ssl=1 1536w, https:\/\/i0.wp.com\/archimedes-gs.de\/wp-content\/uploads\/2020\/06\/IMG_1890-2-scaled.jpg?resize=2048%2C1343&amp;ssl=1 2048w, https:\/\/i0.wp.com\/archimedes-gs.de\/wp-content\/uploads\/2020\/06\/IMG_1890-2-scaled.jpg?resize=1320%2C866&amp;ssl=1 1320w\" sizes=\"auto, (max-width: 1024px) 100vw, 1024px\" \/><\/a>Unser letztes Kunstprojekt f\u00fcr dieses Schuljahr in Klasse 1 vor den Sommerferien, waren unsere wackeligen Quallen. Die Kinder hatten sehr viel Freude beim Ausmalen, Schneiden, Wolken Rei\u00dfen, Hexentreppen Knicken und Kleben. Die Quallen d\u00fcrfen nun mit nach Hause und freuen sich auf einen sch\u00f6nen Platz . Die Kinder der Klasse 1 w\u00fcnschen allen Lesern wundersch\u00f6ne, sonnige Sommerferien.<\/p>\n","protected":false},"excerpt":{"rendered":"<p>Unser letztes Kunstprojekt f\u00fcr dieses Schuljahr in Klasse 1 vor den Sommerferien, waren unsere wackeligen Quallen. Die Kinder hatten sehr viel Freude beim Ausmalen, Schneiden, Wolken Rei\u00dfen, Hexentreppen Knicken und Kleben. Die Quallen d\u00fcrfen nun mit nach Hause und freuen <span class=\"excerpt-dots\">&hellip;<\/span> <a class=\"more-link\" href=\"https:\/\/archimedes-gs.de\/?p=1701\"><span class=\"more-msg\">Weiterlesen &rarr;<\/span><\/a><\/p>\n","protected":false},"author":1,"featured_media":0,"comment_status":"open","ping_status":"open","sticky":false,"template":"","format":"standard","meta":{"jetpack_post_was_ever_published":false,"_jetpack_newsletter_access":"","_jetpack_dont_email_post_to_subs":false,"_jetpack_newsletter_tier_id":0,"_jetpack_memberships_contains_paywalled_content":false,"_jetpack_memberships_contains_paid_content":false,"footnotes":"","jetpack_publicize_message":"","jetpack_publicize_feature_enabled":true,"jetpack_social_post_already_shared":true,"jetpack_social_options":{"image_generator_settings":{"template":"highway","default_image_id":0,"font":"","enabled":false},"version":2}},"categories":[7],"tags":[],"class_list":["post-1701","post","type-post","status-publish","format-standard","hentry","category-2019-20"],"jetpack_publicize_connections":[],"jetpack_featured_media_url":"","jetpack_shortlink":"https:\/\/wp.me\/p9XTHq-rr","jetpack_sharing_enabled":true,"_links":{"self":[{"href":"https:\/\/archimedes-gs.de\/index.php?rest_route=\/wp\/v2\/posts\/1701","targetHints":{"allow":["GET"]}}],"collection":[{"href":"https:\/\/archimedes-gs.de\/index.php?rest_route=\/wp\/v2\/posts"}],"about":[{"href":"https:\/\/archimedes-gs.de\/index.php?rest_route=\/wp\/v2\/types\/post"}],"author":[{"embeddable":true,"href":"https:\/\/archimedes-gs.de\/index.php?rest_route=\/wp\/v2\/users\/1"}],"replies":[{"embeddable":true,"href":"https:\/\/archimedes-gs.de\/index.php?rest_route=%2Fwp%2Fv2%2Fcomments&post=1701"}],"version-history":[{"count":3,"href":"https:\/\/archimedes-gs.de\/index.php?rest_route=\/wp\/v2\/posts\/1701\/revisions"}],"predecessor-version":[{"id":1705,"href":"https:\/\/archimedes-gs.de\/index.php?rest_route=\/wp\/v2\/posts\/1701\/revisions\/1705"}],"wp:attachment":[{"href":"https:\/\/archimedes-gs.de\/index.php?rest_route=%2Fwp%2Fv2%2Fmedia&parent=1701"}],"wp:term":[{"taxonomy":"category","embeddable":true,"href":"https:\/\/archimedes-gs.de\/index.php?rest_route=%2Fwp%2Fv2%2Fcategories&post=1701"},{"taxonomy":"post_tag","embeddable":true,"href":"https:\/\/archimedes-gs.de\/index.php?rest_route=%2Fwp%2Fv2%2Ftags&post=1701"}],"curies":[{"name":"wp","href":"https:\/\/api.w.org\/{rel}","templated":true}]}}