{"id":1948,"date":"2020-12-17T18:03:43","date_gmt":"2020-12-17T17:03:43","guid":{"rendered":"https:\/\/archimedes-gs.de\/?p=1948"},"modified":"2020-12-17T18:03:44","modified_gmt":"2020-12-17T17:03:44","slug":"mathematikolympiade-regionalrunde","status":"publish","type":"post","link":"https:\/\/archimedes-gs.de\/?p=1948","title":{"rendered":"Mathematikolympiade Regionalrunde"},"content":{"rendered":"\n<figure class=\"wp-block-image size-large\"><img data-recalc-dims=\"1\" loading=\"lazy\" decoding=\"async\" width=\"567\" height=\"324\" src=\"https:\/\/i0.wp.com\/archimedes-lausitz.de\/wp-content\/uploads\/2020\/12\/Aushang-klein.jpg?resize=567%2C324&#038;ssl=1\" alt=\"\" class=\"wp-image-1949\" srcset=\"https:\/\/i0.wp.com\/archimedes-gs.de\/wp-content\/uploads\/2020\/12\/Aushang-klein.jpg?w=567&amp;ssl=1 567w, https:\/\/i0.wp.com\/archimedes-gs.de\/wp-content\/uploads\/2020\/12\/Aushang-klein.jpg?resize=300%2C171&amp;ssl=1 300w\" sizes=\"auto, (max-width: 567px) 100vw, 567px\" \/><\/figure>\n\n\n\n<p>Zu ihrer erfolgreichen Teilnahme an der Regionalrunde der 60. Mathematikolympiade m\u00f6chten wir Levin G\u00e4bler &amp; Noam Kuklinski (3. Klasse), Lennox Mettke &amp; David Roesler  (4. Klasse), Giselle Roy  &amp; Lydia B\u00f6hm &amp; Viktoria-Wilhelmine Voigt (jeweils 6. Klasse) herzlich gratulieren, insbesondere Levin und Viktoria-Wilhelmin zu ihren Platzierungen. <\/p>\n\n\n\n<div class=\"wp-block-jetpack-tiled-gallery aligncenter is-style-rectangular has-rounded-corners-10\"><div class=\"tiled-gallery__gallery\"><div class=\"tiled-gallery__row\"><div class=\"tiled-gallery__col\" style=\"flex-basis:26.47168193186072%\"><figure class=\"tiled-gallery__item\"><img decoding=\"async\" srcset=\"https:\/\/i0.wp.com\/archimedes-gs.de\/wp-content\/uploads\/2020\/12\/Mine-klein.jpg?strip=info&#038;w=425&#038;ssl=1 425w\" alt=\"\" data-height=\"567\" data-id=\"1950\" data-link=\"https:\/\/archimedes-lausitz.de\/?attachment_id=1950\" data-url=\"https:\/\/archimedes-lausitz.de\/wp-content\/uploads\/2020\/12\/Mine-klein.jpg\" data-width=\"425\" src=\"https:\/\/i0.wp.com\/archimedes-gs.de\/wp-content\/uploads\/2020\/12\/Mine-klein.jpg?ssl=1\" layout=\"responsive\"\/><\/figure><\/div><div class=\"tiled-gallery__col\" style=\"flex-basis:47.05663613627857%\"><figure class=\"tiled-gallery__item\"><img decoding=\"async\" srcset=\"https:\/\/i1.wp.com\/archimedes-gs.de\/wp-content\/uploads\/2020\/12\/Gruppe-3-klein.jpg?strip=info&#038;w=600&#038;ssl=1 600w,https:\/\/i1.wp.com\/archimedes-gs.de\/wp-content\/uploads\/2020\/12\/Gruppe-3-klein.jpg?strip=info&#038;w=900&#038;ssl=1 900w,https:\/\/i1.wp.com\/archimedes-gs.de\/wp-content\/uploads\/2020\/12\/Gruppe-3-klein.jpg?strip=info&#038;w=1134&#038;ssl=1 1134w\" alt=\"\" data-height=\"850\" data-id=\"1952\" data-link=\"https:\/\/archimedes-lausitz.de\/?attachment_id=1952\" data-url=\"https:\/\/archimedes-lausitz.de\/wp-content\/uploads\/2020\/12\/Gruppe-3-klein.jpg\" data-width=\"1134\" src=\"https:\/\/i1.wp.com\/archimedes-gs.de\/wp-content\/uploads\/2020\/12\/Gruppe-3-klein.jpg?ssl=1\" layout=\"responsive\"\/><\/figure><\/div><div class=\"tiled-gallery__col\" style=\"flex-basis:26.47168193186072%\"><figure class=\"tiled-gallery__item\"><img decoding=\"async\" srcset=\"https:\/\/i2.wp.com\/archimedes-gs.de\/wp-content\/uploads\/2020\/12\/Levin-klein.jpg?strip=info&#038;w=600&#038;ssl=1 600w,https:\/\/i2.wp.com\/archimedes-gs.de\/wp-content\/uploads\/2020\/12\/Levin-klein.jpg?strip=info&#038;w=850&#038;ssl=1 850w\" alt=\"\" data-height=\"1134\" data-id=\"1951\" data-link=\"https:\/\/archimedes-lausitz.de\/?attachment_id=1951\" data-url=\"https:\/\/archimedes-lausitz.de\/wp-content\/uploads\/2020\/12\/Levin-klein.jpg\" data-width=\"850\" src=\"https:\/\/i2.wp.com\/archimedes-gs.de\/wp-content\/uploads\/2020\/12\/Levin-klein.jpg?ssl=1\" layout=\"responsive\"\/><\/figure><\/div><\/div><\/div><\/div>\n\n\n\n<p><\/p>\n","protected":false},"excerpt":{"rendered":"<p>Zu ihrer erfolgreichen Teilnahme an der Regionalrunde der 60. Mathematikolympiade m\u00f6chten wir Levin G\u00e4bler &amp; Noam Kuklinski (3. Klasse), Lennox Mettke &amp; David Roesler (4. Klasse), Giselle Roy &amp; Lydia B\u00f6hm &amp; Viktoria-Wilhelmine Voigt (jeweils 6. Klasse) herzlich gratulieren, insbesondere <span class=\"excerpt-dots\">&hellip;<\/span> <a class=\"more-link\" href=\"https:\/\/archimedes-gs.de\/?p=1948\"><span class=\"more-msg\">Weiterlesen &rarr;<\/span><\/a><\/p>\n","protected":false},"author":2,"featured_media":0,"comment_status":"open","ping_status":"open","sticky":false,"template":"","format":"standard","meta":{"jetpack_post_was_ever_published":false,"_jetpack_newsletter_access":"","_jetpack_dont_email_post_to_subs":false,"_jetpack_newsletter_tier_id":0,"_jetpack_memberships_contains_paywalled_content":false,"_jetpack_memberships_contains_paid_content":false,"footnotes":"","jetpack_publicize_message":"","jetpack_publicize_feature_enabled":true,"jetpack_social_post_already_shared":true,"jetpack_social_options":{"image_generator_settings":{"template":"highway","default_image_id":0,"font":"","enabled":false},"version":2}},"categories":[14],"tags":[],"class_list":["post-1948","post","type-post","status-publish","format-standard","hentry","category-2020-21"],"jetpack_publicize_connections":[],"jetpack_featured_media_url":"","jetpack_shortlink":"https:\/\/wp.me\/p9XTHq-vq","jetpack_sharing_enabled":true,"_links":{"self":[{"href":"https:\/\/archimedes-gs.de\/index.php?rest_route=\/wp\/v2\/posts\/1948","targetHints":{"allow":["GET"]}}],"collection":[{"href":"https:\/\/archimedes-gs.de\/index.php?rest_route=\/wp\/v2\/posts"}],"about":[{"href":"https:\/\/archimedes-gs.de\/index.php?rest_route=\/wp\/v2\/types\/post"}],"author":[{"embeddable":true,"href":"https:\/\/archimedes-gs.de\/index.php?rest_route=\/wp\/v2\/users\/2"}],"replies":[{"embeddable":true,"href":"https:\/\/archimedes-gs.de\/index.php?rest_route=%2Fwp%2Fv2%2Fcomments&post=1948"}],"version-history":[{"count":1,"href":"https:\/\/archimedes-gs.de\/index.php?rest_route=\/wp\/v2\/posts\/1948\/revisions"}],"predecessor-version":[{"id":1954,"href":"https:\/\/archimedes-gs.de\/index.php?rest_route=\/wp\/v2\/posts\/1948\/revisions\/1954"}],"wp:attachment":[{"href":"https:\/\/archimedes-gs.de\/index.php?rest_route=%2Fwp%2Fv2%2Fmedia&parent=1948"}],"wp:term":[{"taxonomy":"category","embeddable":true,"href":"https:\/\/archimedes-gs.de\/index.php?rest_route=%2Fwp%2Fv2%2Fcategories&post=1948"},{"taxonomy":"post_tag","embeddable":true,"href":"https:\/\/archimedes-gs.de\/index.php?rest_route=%2Fwp%2Fv2%2Ftags&post=1948"}],"curies":[{"name":"wp","href":"https:\/\/api.w.org\/{rel}","templated":true}]}}