{"id":1990,"date":"2021-02-19T20:17:37","date_gmt":"2021-02-19T19:17:37","guid":{"rendered":"https:\/\/archimedes-gs.de\/?p=1990"},"modified":"2021-03-06T22:03:21","modified_gmt":"2021-03-06T21:03:21","slug":"vorfreude-und-vorbereitungen-fuer-praesenzunterricht","status":"publish","type":"post","link":"https:\/\/archimedes-gs.de\/?p=1990","title":{"rendered":"Vorfreude und Vorbereitungen f\u00fcr Pr\u00e4senzunterricht"},"content":{"rendered":"\n<div class=\"wp-block-image\"><figure class=\"aligncenter size-large is-resized\"><img data-recalc-dims=\"1\" loading=\"lazy\" decoding=\"async\" src=\"https:\/\/i0.wp.com\/archimedes-lausitz.de\/wp-content\/uploads\/2021\/02\/Collage_Fotor-1-1024x1024.jpg?resize=800%2C800&#038;ssl=1\" alt=\"\" class=\"wp-image-1992\" width=\"800\" height=\"800\" srcset=\"https:\/\/i0.wp.com\/archimedes-gs.de\/wp-content\/uploads\/2021\/02\/Collage_Fotor-1-scaled.jpg?resize=1024%2C1024&amp;ssl=1 1024w, https:\/\/i0.wp.com\/archimedes-gs.de\/wp-content\/uploads\/2021\/02\/Collage_Fotor-1-scaled.jpg?resize=300%2C300&amp;ssl=1 300w, https:\/\/i0.wp.com\/archimedes-gs.de\/wp-content\/uploads\/2021\/02\/Collage_Fotor-1-scaled.jpg?resize=150%2C150&amp;ssl=1 150w, https:\/\/i0.wp.com\/archimedes-gs.de\/wp-content\/uploads\/2021\/02\/Collage_Fotor-1-scaled.jpg?resize=768%2C768&amp;ssl=1 768w, https:\/\/i0.wp.com\/archimedes-gs.de\/wp-content\/uploads\/2021\/02\/Collage_Fotor-1-scaled.jpg?resize=1536%2C1536&amp;ssl=1 1536w, https:\/\/i0.wp.com\/archimedes-gs.de\/wp-content\/uploads\/2021\/02\/Collage_Fotor-1-scaled.jpg?resize=2048%2C2048&amp;ssl=1 2048w, https:\/\/i0.wp.com\/archimedes-gs.de\/wp-content\/uploads\/2021\/02\/Collage_Fotor-1-scaled.jpg?resize=1320%2C1320&amp;ssl=1 1320w\" sizes=\"auto, (max-width: 800px) 100vw, 800px\" \/><\/figure><\/div>\n\n\n\n<p><strong data-rich-text-format-boundary=\"true\">Wir freuen uns, dass unsere Sch\u00fclerinnen und Sch\u00fcler ab Montag endlich wieder in kompletter Zahl die Schule f\u00fcllen. <br data-rich-text-line-break=\"true\"><\/strong><br data-rich-text-line-break=\"true\">Unterrichten und Lernen basiert, gerade bei jungen Kindern, auf pers\u00f6nlicher Begegnung und dem direkten Kontakt. Alle Lehrkr\u00e4fte und Erzieherinnen sind gl\u00fccklich, ab Montag wieder alle Sch\u00fcler\/innen begr\u00fc\u00dfen zu k\u00f6nnen. Und eine Umfrage bei den Sch\u00fcler\/innen ergab, dass auch diese sich mit gro\u00dfer Mehrheit auf den Pr\u00e4senzunterricht freuen.<br data-rich-text-line-break=\"true\"><br data-rich-text-line-break=\"true\">Als kleine Schule sind wir dabei in der Lage, alle Jahrg\u00e4nge ab Montag wieder im Pr\u00e4senzunterricht beschulen zu k\u00f6nnen und trotzdem die Vorgaben von max. 15 Sch\u00fcler\/innen je Lerngruppe einzuhalten.<br data-rich-text-line-break=\"true\"><br data-rich-text-line-break=\"true\">Um einen sicheren Schulbetrieb zu gew\u00e4hrleiten, wurden dabei eine Reihe von Ma\u00dfnahmen und Vorbereitungen ergriffen.<\/p>\n<ul>\n<li>Aus 3 Klassen wurden nun 6 Lerngruppen gebildet und der Stundenplan entsprechend angepasst so dass m\u00f6glichst wenig Lehrkr\u00e4fte je Gruppe eingesetzt werden. Dabei unterst\u00fctzt auch das Hortpersonal die Lehrkr\u00e4fte.<\/li>\n<li>Jede Lerngruppe wird einen extra, festen Unterrichtsraum haben, der am Nachmittag auch f\u00fcr die Hortbetreuung genutzt wird. Eine festen Betreuungsperson am Nachmittag vermeidet \u00dcbertragungswege.<\/li>\n<li>Der Au\u00dfenbereich des Schulgel\u00e4ndes wurde in 6 Segmente unterteilt und durch kurzfristig beschaffte Absperrgitter voneinander abgetrennt. Insgesamt vier Eing\u00e4nge erm\u00f6glichen zudem den Zugang zur Schule zu entzerren.<\/li>\n<li>Auch bei der Mittagsversorgung aus der eigenen Schulk\u00fcche gibt es Ver\u00e4nderungen, gegessen wird zu 3 versetzen Zeiten.<\/li>\n<li>Um Laufwege und Ansammlungen zu vermeiden werden die Sch\u00fclerspinde nicht benutzt, statt dessen wurden f\u00fcr das Wechseln von Haus-\/Stra\u00dfenschuhen Kisten aufgestellt.<\/li>\n<li>Neben diesen schuleigenen Regelungen gelten nat\u00fcrlich auch die allgemeinen Regelungen der Maskenpflicht und des Hygieneplans.<\/li>\n<\/ul>\n<p><br>Fehlende Sch\u00fcler werden auch weiterhin \u00fcber Videositzungen am Unterricht teilnehmen k\u00f6nnen.<br><br data-rich-text-line-break=\"true\"><strong>Bisher sind wir als Schule, auch wegen des sehr umsichtigen Verhaltens unserer Eltern, ohne Quarant\u00e4nema\u00dfnahmen f\u00fcr Klassen oder Lehrkr\u00e4fte sehr gut durch die Pandemie gekommen und hoffen, dass uns dies auch weiterhin gelingt.<\/strong> <br data-rich-text-line-break=\"true\"><br>Ein Dankesch\u00f6n gilt allen Lehrkr\u00e4ften, Erzieherinnen, Mitarbeitern, Eltern und nicht zuletzt unseren Sch\u00fclerinnen und Sch\u00fclern f\u00fcr die bisherige Unterst\u00fctzung.<\/p>\n","protected":false},"excerpt":{"rendered":" <a class=\"more-link\" href=\"https:\/\/archimedes-gs.de\/?p=1990\"><span class=\"more-msg\">Weiterlesen &rarr;<\/span><\/a>","protected":false},"author":1,"featured_media":0,"comment_status":"open","ping_status":"open","sticky":false,"template":"","format":"standard","meta":{"jetpack_post_was_ever_published":false,"_jetpack_newsletter_access":"","_jetpack_dont_email_post_to_subs":false,"_jetpack_newsletter_tier_id":0,"_jetpack_memberships_contains_paywalled_content":false,"_jetpack_memberships_contains_paid_content":false,"footnotes":"","jetpack_publicize_message":"","jetpack_publicize_feature_enabled":true,"jetpack_social_post_already_shared":true,"jetpack_social_options":{"image_generator_settings":{"template":"highway","default_image_id":0,"font":"","enabled":false},"version":2}},"categories":[14],"tags":[],"class_list":["post-1990","post","type-post","status-publish","format-standard","hentry","category-2020-21"],"jetpack_publicize_connections":[],"jetpack_featured_media_url":"","jetpack_shortlink":"https:\/\/wp.me\/p9XTHq-w6","jetpack_sharing_enabled":true,"_links":{"self":[{"href":"https:\/\/archimedes-gs.de\/index.php?rest_route=\/wp\/v2\/posts\/1990","targetHints":{"allow":["GET"]}}],"collection":[{"href":"https:\/\/archimedes-gs.de\/index.php?rest_route=\/wp\/v2\/posts"}],"about":[{"href":"https:\/\/archimedes-gs.de\/index.php?rest_route=\/wp\/v2\/types\/post"}],"author":[{"embeddable":true,"href":"https:\/\/archimedes-gs.de\/index.php?rest_route=\/wp\/v2\/users\/1"}],"replies":[{"embeddable":true,"href":"https:\/\/archimedes-gs.de\/index.php?rest_route=%2Fwp%2Fv2%2Fcomments&post=1990"}],"version-history":[{"count":5,"href":"https:\/\/archimedes-gs.de\/index.php?rest_route=\/wp\/v2\/posts\/1990\/revisions"}],"predecessor-version":[{"id":2003,"href":"https:\/\/archimedes-gs.de\/index.php?rest_route=\/wp\/v2\/posts\/1990\/revisions\/2003"}],"wp:attachment":[{"href":"https:\/\/archimedes-gs.de\/index.php?rest_route=%2Fwp%2Fv2%2Fmedia&parent=1990"}],"wp:term":[{"taxonomy":"category","embeddable":true,"href":"https:\/\/archimedes-gs.de\/index.php?rest_route=%2Fwp%2Fv2%2Fcategories&post=1990"},{"taxonomy":"post_tag","embeddable":true,"href":"https:\/\/archimedes-gs.de\/index.php?rest_route=%2Fwp%2Fv2%2Ftags&post=1990"}],"curies":[{"name":"wp","href":"https:\/\/api.w.org\/{rel}","templated":true}]}}