{"id":1998,"date":"2021-03-06T22:05:48","date_gmt":"2021-03-06T21:05:48","guid":{"rendered":"https:\/\/archimedes-gs.de\/?p=1998"},"modified":"2021-03-10T11:50:03","modified_gmt":"2021-03-10T10:50:03","slug":"exkursion-zum-eiskeller","status":"publish","type":"post","link":"https:\/\/archimedes-gs.de\/?p=1998","title":{"rendered":"Exkursion zum Eiskeller"},"content":{"rendered":"\n<div class=\"wp-block-image\"><figure class=\"aligncenter size-large is-resized\"><img data-recalc-dims=\"1\" loading=\"lazy\" decoding=\"async\" src=\"https:\/\/i0.wp.com\/archimedes-lausitz.de\/wp-content\/uploads\/2021\/03\/Collage_Fotor-1024x1024.jpg?resize=800%2C800&#038;ssl=1\" alt=\"\" class=\"wp-image-1999\" width=\"800\" height=\"800\" srcset=\"https:\/\/i0.wp.com\/archimedes-gs.de\/wp-content\/uploads\/2021\/03\/Collage_Fotor.jpg?resize=1024%2C1024&amp;ssl=1 1024w, https:\/\/i0.wp.com\/archimedes-gs.de\/wp-content\/uploads\/2021\/03\/Collage_Fotor.jpg?resize=300%2C300&amp;ssl=1 300w, https:\/\/i0.wp.com\/archimedes-gs.de\/wp-content\/uploads\/2021\/03\/Collage_Fotor.jpg?resize=150%2C150&amp;ssl=1 150w, https:\/\/i0.wp.com\/archimedes-gs.de\/wp-content\/uploads\/2021\/03\/Collage_Fotor.jpg?resize=768%2C768&amp;ssl=1 768w, https:\/\/i0.wp.com\/archimedes-gs.de\/wp-content\/uploads\/2021\/03\/Collage_Fotor.jpg?resize=1536%2C1536&amp;ssl=1 1536w, https:\/\/i0.wp.com\/archimedes-gs.de\/wp-content\/uploads\/2021\/03\/Collage_Fotor.jpg?resize=1320%2C1320&amp;ssl=1 1320w, https:\/\/i0.wp.com\/archimedes-gs.de\/wp-content\/uploads\/2021\/03\/Collage_Fotor.jpg?w=2000&amp;ssl=1 2000w\" sizes=\"auto, (max-width: 800px) 100vw, 800px\" \/><figcaption>Im Rahmen eines f\u00e4cher\u00fcbergreifenden Unterrichts (Natur- und Gesellschaftswissenschaften) ging es f\u00fcr Klasse 3 \/4 auf Exkursion zum Thema \u201eWasser\u201c in das Euloer Teichgebiet. Nach nur kurzer Zeit konnten wir am ersten Teich schon einige Bewohner mit unseren Ferngl\u00e4sern entdecken und in unseren Becherlupen beobachten. Den gesamten Vormittag verbrachten wir gemeinsam in der Natur und beantworteten mit Hilfe von Bestimmungsb\u00fcchern Fragen zum Lebensraum Wasser.<\/figcaption><\/figure><\/div>\n","protected":false},"excerpt":{"rendered":" <a class=\"more-link\" href=\"https:\/\/archimedes-gs.de\/?p=1998\"><span class=\"more-msg\">Weiterlesen &rarr;<\/span><\/a>","protected":false},"author":1,"featured_media":0,"comment_status":"open","ping_status":"open","sticky":false,"template":"","format":"standard","meta":{"jetpack_post_was_ever_published":false,"_jetpack_newsletter_access":"","_jetpack_dont_email_post_to_subs":false,"_jetpack_newsletter_tier_id":0,"_jetpack_memberships_contains_paywalled_content":false,"_jetpack_memberships_contains_paid_content":false,"footnotes":"","jetpack_publicize_message":"","jetpack_publicize_feature_enabled":true,"jetpack_social_post_already_shared":true,"jetpack_social_options":{"image_generator_settings":{"template":"highway","default_image_id":0,"font":"","enabled":false},"version":2}},"categories":[14],"tags":[],"class_list":["post-1998","post","type-post","status-publish","format-standard","hentry","category-2020-21"],"jetpack_publicize_connections":[],"jetpack_featured_media_url":"","jetpack_shortlink":"https:\/\/wp.me\/p9XTHq-we","jetpack_sharing_enabled":true,"_links":{"self":[{"href":"https:\/\/archimedes-gs.de\/index.php?rest_route=\/wp\/v2\/posts\/1998","targetHints":{"allow":["GET"]}}],"collection":[{"href":"https:\/\/archimedes-gs.de\/index.php?rest_route=\/wp\/v2\/posts"}],"about":[{"href":"https:\/\/archimedes-gs.de\/index.php?rest_route=\/wp\/v2\/types\/post"}],"author":[{"embeddable":true,"href":"https:\/\/archimedes-gs.de\/index.php?rest_route=\/wp\/v2\/users\/1"}],"replies":[{"embeddable":true,"href":"https:\/\/archimedes-gs.de\/index.php?rest_route=%2Fwp%2Fv2%2Fcomments&post=1998"}],"version-history":[{"count":4,"href":"https:\/\/archimedes-gs.de\/index.php?rest_route=\/wp\/v2\/posts\/1998\/revisions"}],"predecessor-version":[{"id":2011,"href":"https:\/\/archimedes-gs.de\/index.php?rest_route=\/wp\/v2\/posts\/1998\/revisions\/2011"}],"wp:attachment":[{"href":"https:\/\/archimedes-gs.de\/index.php?rest_route=%2Fwp%2Fv2%2Fmedia&parent=1998"}],"wp:term":[{"taxonomy":"category","embeddable":true,"href":"https:\/\/archimedes-gs.de\/index.php?rest_route=%2Fwp%2Fv2%2Fcategories&post=1998"},{"taxonomy":"post_tag","embeddable":true,"href":"https:\/\/archimedes-gs.de\/index.php?rest_route=%2Fwp%2Fv2%2Ftags&post=1998"}],"curies":[{"name":"wp","href":"https:\/\/api.w.org\/{rel}","templated":true}]}}