{"id":3118,"date":"2022-12-12T15:30:05","date_gmt":"2022-12-12T14:30:05","guid":{"rendered":"https:\/\/archimedes-gs.de\/?p=3118"},"modified":"2023-01-22T11:13:11","modified_gmt":"2023-01-22T10:13:11","slug":"buchung-schulanmeldetermine-freigeschalten","status":"publish","type":"post","link":"https:\/\/archimedes-gs.de\/?p=3118","title":{"rendered":"Buchung Schulanmeldetermine freigeschalten"},"content":{"rendered":"\n\n<div class=\"wp-block-image\">\n<figure class=\"aligncenter size-large is-resized\"><img data-recalc-dims=\"1\" loading=\"lazy\" decoding=\"async\" src=\"https:\/\/i0.wp.com\/archimedes-gs.de\/wp-content\/uploads\/2022\/12\/Bild-Website-1.jpg?resize=512%2C362&#038;ssl=1\" alt=\"\" class=\"wp-image-3123\" width=\"512\" height=\"362\" srcset=\"https:\/\/i0.wp.com\/archimedes-gs.de\/wp-content\/uploads\/2022\/12\/Bild-Website-1-scaled.jpg?resize=1024%2C724&amp;ssl=1 1024w, https:\/\/i0.wp.com\/archimedes-gs.de\/wp-content\/uploads\/2022\/12\/Bild-Website-1-scaled.jpg?resize=300%2C212&amp;ssl=1 300w, https:\/\/i0.wp.com\/archimedes-gs.de\/wp-content\/uploads\/2022\/12\/Bild-Website-1-scaled.jpg?resize=768%2C543&amp;ssl=1 768w, https:\/\/i0.wp.com\/archimedes-gs.de\/wp-content\/uploads\/2022\/12\/Bild-Website-1-scaled.jpg?resize=1536%2C1086&amp;ssl=1 1536w, https:\/\/i0.wp.com\/archimedes-gs.de\/wp-content\/uploads\/2022\/12\/Bild-Website-1-scaled.jpg?resize=2048%2C1448&amp;ssl=1 2048w, https:\/\/i0.wp.com\/archimedes-gs.de\/wp-content\/uploads\/2022\/12\/Bild-Website-1-scaled.jpg?resize=1320%2C933&amp;ssl=1 1320w\" sizes=\"auto, (max-width: 512px) 100vw, 512px\" \/><\/figure>\n<\/div>\n\n\n<p class=\"has-text-align-center\">Liebe Eltern,<br>vielen Dank f\u00fcr Ihr Interesse an unserer Schule. Der n\u00e4chste Schritt sind unsere Schulanmeldetage. An diesen Tagen m\u00f6chten wir mit Ihnen ins pers\u00f6nliche Gespr\u00e4ch kommen, um Sie kennenzulernen und Ihre Fragen zu beantworten. Parallel wird mit Ihrem Kind ein Test zur Schulreife durchgef\u00fchrt.<br>Die Schulanmeldetage finden an unserer Schule am <strong>Donnerstag, 05.01.2023, am Dienstag, 10.01.2023 sowie am Donnerstag, 12.01.2023 jeweils von 14:00 Uhr bis 18:00 Uhr<\/strong> statt. <\/p>\n\n\n\n<p class=\"has-text-align-center\">Bitte reservieren Sie sich einen Termin.<\/p>\n\n\n\n<p class=\"has-text-align-center\">Einen Termin k\u00f6nnen Sie \u00fcber unsere Homepage <a href=\"http:\/\/www.archimedes-gs.de\" data-type=\"URL\" data-id=\"www.archimedes-gs.de\">www.archimedes-gs.de<\/a> (rechts oben) oder direkt \u00fcber folgendem Link buchen: <a href=\"http:\/\/anmeldung.archimedes-gs.de\/2023\">http:\/\/anmeldung.archimedes-gs.de\/2023<\/a><br>Sie gelangen auf die Webseite f\u00fcr die Anmeldung.<br><br>Wir freuen uns, Sie und Ihr Kind an diesen Tagen kennenzulernen.<br><br>Mit herzlichen Gr\u00fc\u00dfen<br>Katrin B\u00f6hm<\/p>\n<div class=\"shariff shariff-align-left shariff-widget-align-left\"><ul class=\"shariff-buttons theme-round orientation-horizontal buttonsize-medium\"><li class=\"shariff-button facebook shariff-nocustomcolor\" style=\"background-color:#4273c8\"><a href=\"https:\/\/www.facebook.com\/sharer\/sharer.php?u=https%3A%2F%2Farchimedes-gs.de%2F%3Fp%3D3118\" title=\"Bei Facebook teilen\" aria-label=\"Bei Facebook teilen\" role=\"button\" rel=\"nofollow\" class=\"shariff-link\" style=\"; background-color:#3b5998; color:#fff\" target=\"_blank\"><span class=\"shariff-icon\" style=\"\"><svg width=\"32px\" height=\"20px\" xmlns=\"http:\/\/www.w3.org\/2000\/svg\" viewBox=\"0 0 18 32\"><path fill=\"#3b5998\" d=\"M17.1 0.2v4.7h-2.8q-1.5 0-2.1 0.6t-0.5 1.9v3.4h5.2l-0.7 5.3h-4.5v13.6h-5.5v-13.6h-4.5v-5.3h4.5v-3.9q0-3.3 1.9-5.2t5-1.8q2.6 0 4.1 0.2z\"\/><\/svg><\/span><\/a><\/li><li class=\"shariff-button whatsapp shariff-nocustomcolor\" style=\"background-color:#5cbe4a\"><a href=\"https:\/\/api.whatsapp.com\/send?text=https%3A%2F%2Farchimedes-gs.de%2F%3Fp%3D3118%20Buchung%20Schulanmeldetermine%20freigeschalten\" title=\"Bei Whatsapp teilen\" aria-label=\"Bei Whatsapp teilen\" role=\"button\" rel=\"noopener nofollow\" class=\"shariff-link\" style=\"; background-color:#34af23; color:#fff\" target=\"_blank\"><span class=\"shariff-icon\" style=\"\"><svg width=\"32px\" height=\"20px\" xmlns=\"http:\/\/www.w3.org\/2000\/svg\" viewBox=\"0 0 32 32\"><path fill=\"#34af23\" d=\"M17.6 17.4q0.2 0 1.7 0.8t1.6 0.9q0 0.1 0 0.3 0 0.6-0.3 1.4-0.3 0.7-1.3 1.2t-1.8 0.5q-1 0-3.4-1.1-1.7-0.8-3-2.1t-2.6-3.3q-1.3-1.9-1.3-3.5v-0.1q0.1-1.6 1.3-2.8 0.4-0.4 0.9-0.4 0.1 0 0.3 0t0.3 0q0.3 0 0.5 0.1t0.3 0.5q0.1 0.4 0.6 1.6t0.4 1.3q0 0.4-0.6 1t-0.6 0.8q0 0.1 0.1 0.3 0.6 1.3 1.8 2.4 1 0.9 2.7 1.8 0.2 0.1 0.4 0.1 0.3 0 1-0.9t0.9-0.9zM14 26.9q2.3 0 4.3-0.9t3.6-2.4 2.4-3.6 0.9-4.3-0.9-4.3-2.4-3.6-3.6-2.4-4.3-0.9-4.3 0.9-3.6 2.4-2.4 3.6-0.9 4.3q0 3.6 2.1 6.6l-1.4 4.2 4.3-1.4q2.8 1.9 6.2 1.9zM14 2.2q2.7 0 5.2 1.1t4.3 2.9 2.9 4.3 1.1 5.2-1.1 5.2-2.9 4.3-4.3 2.9-5.2 1.1q-3.5 0-6.5-1.7l-7.4 2.4 2.4-7.2q-1.9-3.2-1.9-6.9 0-2.7 1.1-5.2t2.9-4.3 4.3-2.9 5.2-1.1z\"\/><\/svg><\/span><\/a><\/li><li class=\"shariff-button mailto shariff-nocustomcolor\" style=\"background-color:#a8a8a8\"><a href=\"mailto:?body=https%3A%2F%2Farchimedes-gs.de%2F%3Fp%3D3118&subject=Buchung%20Schulanmeldetermine%20freigeschalten\" title=\"Per E-Mail versenden\" aria-label=\"Per E-Mail versenden\" role=\"button\" rel=\"noopener nofollow\" class=\"shariff-link\" style=\"; background-color:#999; color:#fff\"><span class=\"shariff-icon\" style=\"\"><svg width=\"32px\" height=\"20px\" xmlns=\"http:\/\/www.w3.org\/2000\/svg\" viewBox=\"0 0 32 32\"><path fill=\"#999\" d=\"M32 12.7v14.2q0 1.2-0.8 2t-2 0.9h-26.3q-1.2 0-2-0.9t-0.8-2v-14.2q0.8 0.9 1.8 1.6 6.5 4.4 8.9 6.1 1 0.8 1.6 1.2t1.7 0.9 2 0.4h0.1q0.9 0 2-0.4t1.7-0.9 1.6-1.2q3-2.2 8.9-6.1 1-0.7 1.8-1.6zM32 7.4q0 1.4-0.9 2.7t-2.2 2.2q-6.7 4.7-8.4 5.8-0.2 0.1-0.7 0.5t-1 0.7-0.9 0.6-1.1 0.5-0.9 0.2h-0.1q-0.4 0-0.9-0.2t-1.1-0.5-0.9-0.6-1-0.7-0.7-0.5q-1.6-1.1-4.7-3.2t-3.6-2.6q-1.1-0.7-2.1-2t-1-2.5q0-1.4 0.7-2.3t2.1-0.9h26.3q1.2 0 2 0.8t0.9 2z\"\/><\/svg><\/span><\/a><\/li><\/ul><\/div>","protected":false},"excerpt":{"rendered":"<p>Liebe Eltern,vielen Dank f\u00fcr Ihr Interesse an unserer Schule. Der n\u00e4chste Schritt sind unsere Schulanmeldetage. An diesen Tagen m\u00f6chten wir mit Ihnen ins pers\u00f6nliche Gespr\u00e4ch kommen, um Sie kennenzulernen und Ihre Fragen zu beantworten. Parallel wird mit Ihrem Kind ein <span class=\"excerpt-dots\">&hellip;<\/span> <a class=\"more-link\" href=\"https:\/\/archimedes-gs.de\/?p=3118\"><span class=\"more-msg\">Weiterlesen &rarr;<\/span><\/a><\/p>\n","protected":false},"author":1,"featured_media":0,"comment_status":"open","ping_status":"open","sticky":false,"template":"","format":"standard","meta":{"jetpack_post_was_ever_published":false,"_jetpack_newsletter_access":"","_jetpack_dont_email_post_to_subs":false,"_jetpack_newsletter_tier_id":0,"_jetpack_memberships_contains_paywalled_content":false,"_jetpack_memberships_contains_paid_content":false,"footnotes":"","jetpack_publicize_message":"","jetpack_publicize_feature_enabled":true,"jetpack_social_post_already_shared":true,"jetpack_social_options":{"image_generator_settings":{"template":"highway","default_image_id":0,"font":"","enabled":false},"version":2}},"categories":[29],"tags":[],"class_list":["post-3118","post","type-post","status-publish","format-standard","hentry","category-2022-23"],"jetpack_publicize_connections":[],"jetpack_featured_media_url":"","jetpack_shortlink":"https:\/\/wp.me\/p9XTHq-Oi","jetpack_sharing_enabled":true,"_links":{"self":[{"href":"https:\/\/archimedes-gs.de\/index.php?rest_route=\/wp\/v2\/posts\/3118","targetHints":{"allow":["GET"]}}],"collection":[{"href":"https:\/\/archimedes-gs.de\/index.php?rest_route=\/wp\/v2\/posts"}],"about":[{"href":"https:\/\/archimedes-gs.de\/index.php?rest_route=\/wp\/v2\/types\/post"}],"author":[{"embeddable":true,"href":"https:\/\/archimedes-gs.de\/index.php?rest_route=\/wp\/v2\/users\/1"}],"replies":[{"embeddable":true,"href":"https:\/\/archimedes-gs.de\/index.php?rest_route=%2Fwp%2Fv2%2Fcomments&post=3118"}],"version-history":[{"count":5,"href":"https:\/\/archimedes-gs.de\/index.php?rest_route=\/wp\/v2\/posts\/3118\/revisions"}],"predecessor-version":[{"id":3138,"href":"https:\/\/archimedes-gs.de\/index.php?rest_route=\/wp\/v2\/posts\/3118\/revisions\/3138"}],"wp:attachment":[{"href":"https:\/\/archimedes-gs.de\/index.php?rest_route=%2Fwp%2Fv2%2Fmedia&parent=3118"}],"wp:term":[{"taxonomy":"category","embeddable":true,"href":"https:\/\/archimedes-gs.de\/index.php?rest_route=%2Fwp%2Fv2%2Fcategories&post=3118"},{"taxonomy":"post_tag","embeddable":true,"href":"https:\/\/archimedes-gs.de\/index.php?rest_route=%2Fwp%2Fv2%2Ftags&post=3118"}],"curies":[{"name":"wp","href":"https:\/\/api.w.org\/{rel}","templated":true}]}}