{"id":3272,"date":"2023-04-23T18:15:07","date_gmt":"2023-04-23T16:15:07","guid":{"rendered":"https:\/\/archimedes-gs.de\/?p=3272"},"modified":"2023-05-18T11:21:50","modified_gmt":"2023-05-18T09:21:50","slug":"einladung-zum-fruehlingsfest-am-12-05-2023","status":"publish","type":"post","link":"https:\/\/archimedes-gs.de\/?p=3272","title":{"rendered":"Einladung zum Fr\u00fchlingsfest am 12.05.2023"},"content":{"rendered":"<div class=\"wp-block-image\">\n<figure class=\"aligncenter size-large\"><img data-recalc-dims=\"1\" loading=\"lazy\" decoding=\"async\" width=\"731\" height=\"1024\" src=\"https:\/\/i0.wp.com\/archimedes-gs.de\/wp-content\/uploads\/2023\/04\/Fruehlingsfest2023.jpg?resize=731%2C1024&#038;ssl=1\" alt=\"\" class=\"wp-image-3273\" srcset=\"https:\/\/i0.wp.com\/archimedes-gs.de\/wp-content\/uploads\/2023\/04\/Fruehlingsfest2023-scaled.jpg?resize=731%2C1024&amp;ssl=1 731w, https:\/\/i0.wp.com\/archimedes-gs.de\/wp-content\/uploads\/2023\/04\/Fruehlingsfest2023-scaled.jpg?resize=214%2C300&amp;ssl=1 214w, https:\/\/i0.wp.com\/archimedes-gs.de\/wp-content\/uploads\/2023\/04\/Fruehlingsfest2023-scaled.jpg?resize=768%2C1076&amp;ssl=1 768w, https:\/\/i0.wp.com\/archimedes-gs.de\/wp-content\/uploads\/2023\/04\/Fruehlingsfest2023-scaled.jpg?resize=1097%2C1536&amp;ssl=1 1097w, https:\/\/i0.wp.com\/archimedes-gs.de\/wp-content\/uploads\/2023\/04\/Fruehlingsfest2023-scaled.jpg?resize=1462%2C2048&amp;ssl=1 1462w, https:\/\/i0.wp.com\/archimedes-gs.de\/wp-content\/uploads\/2023\/04\/Fruehlingsfest2023-scaled.jpg?resize=1320%2C1849&amp;ssl=1 1320w, https:\/\/i0.wp.com\/archimedes-gs.de\/wp-content\/uploads\/2023\/04\/Fruehlingsfest2023-scaled.jpg?w=1828&amp;ssl=1 1828w\" sizes=\"auto, (max-width: 731px) 100vw, 731px\" \/><\/figure>\n<\/div>\n\n\n<p class=\"has-text-align-center\">Am Freitag den 12.05.2023 findet das diesj\u00e4hriges Fr\u00fchlingsfest von Archimedes Grundschule und Kinderhaus statt.<\/p>\n\n\n\n<p class=\"has-text-align-center\">Zusammen mit allen Neugierigen und Interessierten m\u00f6chten wir einen bunten Familiennachmittag mit H\u00fcpfburg, Kinderschminken, Bastelstra\u00dfe erleben. Die Kinder des Kindergartens und die Arbeitsgemeinschaften der Schule gestalten ein vielseitiges Programm mit Tanz, Gesang, Zauber-Einlagen und Trommelwirbel. Auf dem Bolzplatz wird f\u00fcr alle sportlichen Kinder ein Zweifelderballturnier stattfinden.<br>Wer es gem\u00fctlicher mag, f\u00fcr dessen leibliches Wohl wird mit Kaffee &amp; Kuchen, Wurst vom Grill oder auch Zuckerwatte und Slush-Eis gesorgt sein.<\/p>\n\n\n\n<p class=\"has-text-align-center\">Herzlich willkommen sagt<\/p>\n\n\n\n<p class=\"has-text-align-center\">Das Team von Archimedes Kinderhaus und Schule<\/p>\n","protected":false},"excerpt":{"rendered":"<p>Am Freitag den 12.05.2023 findet das diesj\u00e4hriges Fr\u00fchlingsfest von Archimedes Grundschule und Kinderhaus statt. Zusammen mit allen Neugierigen und Interessierten m\u00f6chten wir einen bunten Familiennachmittag mit H\u00fcpfburg, Kinderschminken, Bastelstra\u00dfe erleben. Die Kinder des Kindergartens und die Arbeitsgemeinschaften der Schule gestalten <span class=\"excerpt-dots\">&hellip;<\/span> <a class=\"more-link\" href=\"https:\/\/archimedes-gs.de\/?p=3272\"><span class=\"more-msg\">Weiterlesen &rarr;<\/span><\/a><\/p>\n","protected":false},"author":1,"featured_media":0,"comment_status":"open","ping_status":"open","sticky":false,"template":"","format":"standard","meta":{"jetpack_post_was_ever_published":false,"_jetpack_newsletter_access":"","_jetpack_dont_email_post_to_subs":false,"_jetpack_newsletter_tier_id":0,"_jetpack_memberships_contains_paywalled_content":false,"_jetpack_memberships_contains_paid_content":false,"footnotes":"","jetpack_publicize_message":"","jetpack_publicize_feature_enabled":true,"jetpack_social_post_already_shared":true,"jetpack_social_options":{"image_generator_settings":{"template":"highway","default_image_id":0,"font":"","enabled":false},"version":2}},"categories":[29],"tags":[],"class_list":["post-3272","post","type-post","status-publish","format-standard","hentry","category-2022-23"],"jetpack_publicize_connections":[],"jetpack_featured_media_url":"","jetpack_shortlink":"https:\/\/wp.me\/p9XTHq-QM","jetpack_sharing_enabled":true,"_links":{"self":[{"href":"https:\/\/archimedes-gs.de\/index.php?rest_route=\/wp\/v2\/posts\/3272","targetHints":{"allow":["GET"]}}],"collection":[{"href":"https:\/\/archimedes-gs.de\/index.php?rest_route=\/wp\/v2\/posts"}],"about":[{"href":"https:\/\/archimedes-gs.de\/index.php?rest_route=\/wp\/v2\/types\/post"}],"author":[{"embeddable":true,"href":"https:\/\/archimedes-gs.de\/index.php?rest_route=\/wp\/v2\/users\/1"}],"replies":[{"embeddable":true,"href":"https:\/\/archimedes-gs.de\/index.php?rest_route=%2Fwp%2Fv2%2Fcomments&post=3272"}],"version-history":[{"count":2,"href":"https:\/\/archimedes-gs.de\/index.php?rest_route=\/wp\/v2\/posts\/3272\/revisions"}],"predecessor-version":[{"id":3307,"href":"https:\/\/archimedes-gs.de\/index.php?rest_route=\/wp\/v2\/posts\/3272\/revisions\/3307"}],"wp:attachment":[{"href":"https:\/\/archimedes-gs.de\/index.php?rest_route=%2Fwp%2Fv2%2Fmedia&parent=3272"}],"wp:term":[{"taxonomy":"category","embeddable":true,"href":"https:\/\/archimedes-gs.de\/index.php?rest_route=%2Fwp%2Fv2%2Fcategories&post=3272"},{"taxonomy":"post_tag","embeddable":true,"href":"https:\/\/archimedes-gs.de\/index.php?rest_route=%2Fwp%2Fv2%2Ftags&post=3272"}],"curies":[{"name":"wp","href":"https:\/\/api.w.org\/{rel}","templated":true}]}}